{"id":2645,"date":"2024-09-07T07:31:53","date_gmt":"2024-09-07T07:31:53","guid":{"rendered":"https:\/\/maf.invictus-asso.fr\/?p=2645"},"modified":"2024-09-07T07:34:37","modified_gmt":"2024-09-07T07:34:37","slug":"adultes-handicapes-personnes-agees","status":"publish","type":"post","link":"https:\/\/maf.invictus-asso.fr\/index.php\/2024\/09\/07\/adultes-handicapes-personnes-agees\/","title":{"rendered":"Adultes handicap\u00e9s, personnes \u00e2g\u00e9es"},"content":{"rendered":"\n<p class=\"wp-block-paragraph\">L\u2019<a href=\"https:\/\/www.famidac.fr\/?+-Accueil-familial-+\">accueil familial<\/a>&nbsp;permet \u00e0 une personne handicap\u00e9e ou \u00e2g\u00e9e de b\u00e9n\u00e9ficier d\u2019un&nbsp;<a href=\"https:\/\/www.famidac.fr\/?+-accueil-permanent-+\">accueil permanent<\/a>,&nbsp;<a href=\"https:\/\/www.famidac.fr\/?+-temporaire-+\">temporaire<\/a>&nbsp;ou&nbsp;<a href=\"https:\/\/www.famidac.fr\/?+-sequentiel-+\">s\u00e9quentiel<\/a>, \u00e0 temps plein ou \u00e0 temps partiel (<a href=\"https:\/\/www.famidac.fr\/?+-accueil-de-jour-ou-de-nuit-+\">de jour ou de nuit<\/a>), au sein d\u2019une famille agr\u00e9\u00e9e et contr\u00f4l\u00e9e par le Conseil D\u00e9partemental.<br><a href=\"https:\/\/www.famidac.fr\/?-Annonces-\"><\/a><br>A mi-chemin entre le maintien \u00e0 domicile et le placement en \u00e9tablissement, c\u2019est une excellente&nbsp;<strong>solution de r\u00e9pit pour les aidants familiaux<\/strong>. Un mode de prise en charge de proximit\u00e9, chaleureux, \u00e9conomique, interg\u00e9n\u00e9rationnel\u2026<\/p>\n\n\n\n<p class=\"wp-block-paragraph\">La personne accueillie dispose d\u2019une chambre personnelle, participe \u00e0 la vie de famille, b\u00e9n\u00e9ficie d\u2019un accompagnement personnalis\u00e9 assur\u00e9 par l\u2019accueillant, son entourage et les services m\u00e9dico-sociaux.<\/p>\n\n\n\n<p class=\"wp-block-paragraph\">L\u2019accueil familial peut \u00eatre combin\u00e9e avec un autre mode de prise en charge (par des proches ou en \u00e9tablissement&nbsp;: accueil de jour, travail en ESAT\u2026). Les personnes accueillies peuvent pr\u00e9tendre \u00e0 diff\u00e9rentes&nbsp;<a href=\"https:\/\/www.famidac.fr\/?-Aides-financieres-\">aides financi\u00e8res<\/a>&nbsp;(<a href=\"https:\/\/www.famidac.fr\/?Aide-au-logement-pour-la-personne-accueillie\">APL<\/a>,&nbsp;<a href=\"https:\/\/www.famidac.fr\/?APA-L-allocation-personnalisee-d-autonomie-en-accueil-familial\">APA<\/a>,&nbsp;<a href=\"https:\/\/www.famidac.fr\/?PCH-Prestation-de-Compensation-du-Handicap-en-accueil-familial\">PCH<\/a>,&nbsp;<a href=\"https:\/\/www.famidac.fr\/?-Aides-financieres-\">cr\u00e9dit d\u2019imp\u00f4t<\/a>,&nbsp;<a href=\"https:\/\/www.famidac.fr\/?Aide-sociale-a-l-hebergement-ASH-en-accueil-familial\">aides sociales<\/a>).&nbsp;Le&nbsp;<a href=\"https:\/\/www.famidac.fr\/?+-reste-a-charge-+\">reste \u00e0 charge<\/a>, pour une personne non imposable, est g\u00e9n\u00e9ralement inf\u00e9rieur \u00e0 1.200\u20ac&nbsp;(en 2018&nbsp;:&nbsp;<a href=\"http:\/\/www.agevillage.com\/actualite-16123-1-le-reste-a-charge-en-ehpad.html\" target=\"_blank\" rel=\"noreferrer noopener\">1.784\u20ac en EHPAD public, 2.615\u20ac en EHPAD priv\u00e9<\/a>).<\/p>\n\n\n\n<h2 class=\"wp-block-heading\"><a href=\"https:\/\/www.famidac.fr\/?L-accueil-familial-d-adultes-handicapes-et-de-personnes-agees\">Pour en savoir plus, cliquez ici<\/a><\/h2>\n\n\n\n<blockquote class=\"wp-block-quote is-layout-flow wp-block-quote-is-layout-flow\">\n<p class=\"wp-block-paragraph\"><strong>R\u00e9sum\u00e9 des diff\u00e9rentes \u00e9tapes pratiques et administratives<\/strong><\/p>\n\n\n\n<p class=\"wp-block-paragraph\">1)&nbsp;<strong>Pour trouver un accueil familial, servez-vous de la rubrique \u00ab&nbsp;<a href=\"https:\/\/www.famidac.fr\/?-Annonces-\">annonces<\/a>\u00ab&nbsp;<\/strong>&nbsp;et de la fiche pratique&nbsp;<a href=\"https:\/\/www.famidac.fr\/?2014-Choisir-un-accueillant\">Choisir un accueillant familial pour un parent \u00e2g\u00e9<\/a>&nbsp;; rencontrez, de pr\u00e9f\u00e9rence, plusieurs accueillants&nbsp;!<\/p>\n\n\n\n<p class=\"wp-block-paragraph\">2) Compl\u00e9tez et signez, avec l\u2019accueillant(e) de votre choix, un&nbsp;<strong><a href=\"https:\/\/www.famidac.fr\/?Contrat-type-d-accueil-familial-de-gre-a-gre\">Contrat d\u2019Accueil Familial<\/a><\/strong><\/p>\n\n\n\n<p class=\"wp-block-paragraph\">3) Si elle ne l\u2019a pas d\u00e9j\u00e0 fait, la personne accueillie doit&nbsp;<strong><a href=\"https:\/\/www.cesu.urssaf.fr\/info\/accueil\/creer-mon-compte.html\" target=\"_blank\" rel=\"noreferrer noopener\">ouvrir un compte employeur sur le site du CESU<\/a><\/strong>. Cette formalit\u00e9 peut \u00eatre accomplie avec l\u2019aide de son repr\u00e9sentant l\u00e9gal&nbsp;<a href=\"https:\/\/www.famidac.fr\/?La-retribution-des-accueillants-familiaux-l-URSSAF\">&gt; voir notre page d\u2019aide<\/a>.<\/p>\n\n\n\n<p class=\"wp-block-paragraph\">Pour mettre fin \u00e0 un accueil, voir&nbsp;<strong><a href=\"https:\/\/www.famidac.fr\/?Comment-gerer-une-rupture-de-contrat\">Comment g\u00e9rer une rupture de contrat&nbsp;?<\/a><\/strong><\/p>\n<\/blockquote>\n","protected":false},"excerpt":{"rendered":"<p>L\u2019accueil familial&nbsp;permet \u00e0 une personne handicap\u00e9e ou \u00e2g\u00e9e de b\u00e9n\u00e9ficier d\u2019un&nbsp;accueil permanent,&nbsp;temporaire&nbsp;ou&nbsp;s\u00e9quentiel, \u00e0 temps plein ou \u00e0 temps partiel (de jour ou de nuit), au sein d\u2019une famille agr\u00e9\u00e9e et contr\u00f4l\u00e9e par le Conseil D\u00e9partemental.A mi-chemin entre le maintien \u00e0 domicile et le placement en \u00e9tablissement, c\u2019est une excellente&nbsp;solution de r\u00e9pit pour les aidants familiaux. [&hellip;]<\/p>\n","protected":false},"author":1,"featured_media":0,"comment_status":"open","ping_status":"closed","sticky":false,"template":"","format":"standard","meta":{"_crdt_document":"","_uag_custom_page_level_css":"","site-sidebar-layout":"default","site-content-layout":"","ast-site-content-layout":"default","site-content-style":"default","site-sidebar-style":"default","ast-global-header-display":"","ast-banner-title-visibility":"","ast-main-header-display":"","ast-hfb-above-header-display":"","ast-hfb-below-header-display":"","ast-hfb-mobile-header-display":"","site-post-title":"","ast-breadcrumbs-content":"","ast-featured-img":"","footer-sml-layout":"","ast-disable-related-posts":"","theme-transparent-header-meta":"","adv-header-id-meta":"","stick-header-meta":"","header-above-stick-meta":"","header-main-stick-meta":"","header-below-stick-meta":"","astra-migrate-meta-layouts":"default","ast-page-background-enabled":"default","ast-page-background-meta":{"desktop":{"background-color":"var(--ast-global-color-4)","background-image":"","background-repeat":"repeat","background-position":"center center","background-size":"auto","background-attachment":"scroll","background-type":"","background-media":"","overlay-type":"","overlay-color":"","overlay-opacity":"","overlay-gradient":""},"tablet":{"background-color":"","background-image":"","background-repeat":"repeat","background-position":"center center","background-size":"auto","background-attachment":"scroll","background-type":"","background-media":"","overlay-type":"","overlay-color":"","overlay-opacity":"","overlay-gradient":""},"mobile":{"background-color":"","background-image":"","background-repeat":"repeat","background-position":"center center","background-size":"auto","background-attachment":"scroll","background-type":"","background-media":"","overlay-type":"","overlay-color":"","overlay-opacity":"","overlay-gradient":""}},"ast-content-background-meta":{"desktop":{"background-color":"var(--ast-global-color-5)","background-image":"","background-repeat":"repeat","background-position":"center center","background-size":"auto","background-attachment":"scroll","background-type":"","background-media":"","overlay-type":"","overlay-color":"","overlay-opacity":"","overlay-gradient":""},"tablet":{"background-color":"var(--ast-global-color-5)","background-image":"","background-repeat":"repeat","background-position":"center center","background-size":"auto","background-attachment":"scroll","background-type":"","background-media":"","overlay-type":"","overlay-color":"","overlay-opacity":"","overlay-gradient":""},"mobile":{"background-color":"var(--ast-global-color-5)","background-image":"","background-repeat":"repeat","background-position":"center center","background-size":"auto","background-attachment":"scroll","background-type":"","background-media":"","overlay-type":"","overlay-color":"","overlay-opacity":"","overlay-gradient":""}},"footnotes":""},"categories":[6],"tags":[],"class_list":["post-2645","post","type-post","status-publish","format-standard","hentry","category-ressources"],"aioseo_notices":[],"uagb_featured_image_src":{"full":false,"thumbnail":false,"medium":false,"medium_large":false,"large":false,"1536x1536":false,"2048x2048":false,"woocommerce_thumbnail":false,"woocommerce_single":false,"woocommerce_gallery_thumbnail":false},"uagb_author_info":{"display_name":"admin","author_link":"https:\/\/maf.invictus-asso.fr\/index.php\/author\/alladin\/"},"uagb_comment_info":3,"uagb_excerpt":"L\u2019accueil familial&nbsp;permet \u00e0 une personne handicap\u00e9e ou \u00e2g\u00e9e de b\u00e9n\u00e9ficier d\u2019un&nbsp;accueil permanent,&nbsp;temporaire&nbsp;ou&nbsp;s\u00e9quentiel, \u00e0 temps plein ou \u00e0 temps partiel (de jour ou de nuit), au sein d\u2019une famille agr\u00e9\u00e9e et contr\u00f4l\u00e9e par le Conseil D\u00e9partemental.A mi-chemin entre le maintien \u00e0 domicile et le placement en \u00e9tablissement, c\u2019est une excellente&nbsp;solution de r\u00e9pit pour les aidants familiaux.\u2026","_links":{"self":[{"href":"https:\/\/maf.invictus-asso.fr\/index.php\/wp-json\/wp\/v2\/posts\/2645","targetHints":{"allow":["GET"]}}],"collection":[{"href":"https:\/\/maf.invictus-asso.fr\/index.php\/wp-json\/wp\/v2\/posts"}],"about":[{"href":"https:\/\/maf.invictus-asso.fr\/index.php\/wp-json\/wp\/v2\/types\/post"}],"author":[{"embeddable":true,"href":"https:\/\/maf.invictus-asso.fr\/index.php\/wp-json\/wp\/v2\/users\/1"}],"replies":[{"embeddable":true,"href":"https:\/\/maf.invictus-asso.fr\/index.php\/wp-json\/wp\/v2\/comments?post=2645"}],"version-history":[{"count":1,"href":"https:\/\/maf.invictus-asso.fr\/index.php\/wp-json\/wp\/v2\/posts\/2645\/revisions"}],"predecessor-version":[{"id":2646,"href":"https:\/\/maf.invictus-asso.fr\/index.php\/wp-json\/wp\/v2\/posts\/2645\/revisions\/2646"}],"wp:attachment":[{"href":"https:\/\/maf.invictus-asso.fr\/index.php\/wp-json\/wp\/v2\/media?parent=2645"}],"wp:term":[{"taxonomy":"category","embeddable":true,"href":"https:\/\/maf.invictus-asso.fr\/index.php\/wp-json\/wp\/v2\/categories?post=2645"},{"taxonomy":"post_tag","embeddable":true,"href":"https:\/\/maf.invictus-asso.fr\/index.php\/wp-json\/wp\/v2\/tags?post=2645"}],"curies":[{"name":"wp","href":"https:\/\/api.w.org\/{rel}","templated":true}]}}