{"id":2624,"date":"2024-09-07T07:13:41","date_gmt":"2024-09-07T07:13:41","guid":{"rendered":"https:\/\/maf.invictus-asso.fr\/?p=2624"},"modified":"2024-09-07T07:18:32","modified_gmt":"2024-09-07T07:18:32","slug":"comment-devenir-accueillant-familial","status":"publish","type":"post","link":"https:\/\/maf.invictus-asso.fr\/index.php\/2024\/09\/07\/comment-devenir-accueillant-familial\/","title":{"rendered":"Comment devenir accueillant familial  ?"},"content":{"rendered":"\n<p class=\"wp-block-paragraph\">Cr\u00e9ez votre propre emploi \u00e0 domicile en devenant&nbsp;<a href=\"https:\/\/www.famidac.fr\/?L-accueil-familial-d-adultes-handicapes-et-de-personnes-agees\">accueillant(e) familial(e)<\/a><\/p>\n\n\n\n<ul class=\"wp-block-list\">\n<li>Vous \u00eates\u00a0<a href=\"https:\/\/www.famidac.fr\/?Faut-il-etre-proprietaire-pour\">locataire ou propri\u00e9taire<\/a>\u00a0d\u2019un logement suffisamment vaste, avec une ou plusieurs pi\u00e8ces libres\u00a0?<\/li>\n\n\n\n<li>Vous avez de la disponibilit\u00e9 et du bonheur \u00e0 partager\u00a0?<\/li>\n\n\n\n<li>Vous appr\u00e9ciez les \u00e9changes, le partage, la solidarit\u00e9 avec des personnes en difficult\u00e9\u00a0:\u00a0<strong><a href=\"https:\/\/www.famidac.fr\/?+-adultes-handicapes-+\">adultes handicap\u00e9s<\/a>\u00a0(de 18 \u00e0 60 ans), personnes \u00e2g\u00e9es (de 60 \u00e0 999 ans<\/strong>\u00a0<img decoding=\"async\" width=\"19\" height=\"19\" src=\"https:\/\/www.famidac.fr\/plugins\/auto\/couteau_suisse\/v1.15.2\/img\/smileys\/clin_d-oeil.png\" alt=\";-)\">), malades, convalescents\u2026<\/li>\n<\/ul>\n\n\n\n<p class=\"wp-block-paragraph\">En devenant&nbsp;<a href=\"https:\/\/www.famidac.fr\/?+-accueilant-familial-accueillants-familiaux-+\">accueillant familial<\/a>&nbsp;<strong><a href=\"https:\/\/www.famidac.fr\/?L-accueil-familial-d-adultes-handicapes-et-de-personnes-agees\">social<\/a><\/strong>&nbsp;ou&nbsp;<a href=\"https:\/\/www.famidac.fr\/?L-accueil-familial-therapeutique\"><strong>th\u00e9rapeutique<\/strong><\/a>, vous pouvez cr\u00e9er votre propre emploi ind\u00e9pendant, \u00e0 domicile&nbsp;!<\/p>\n\n\n\n<p class=\"wp-block-paragraph\"><img fetchpriority=\"high\" decoding=\"async\" src=\"https:\/\/www.famidac.fr\/local\/cache-vignettes\/L488xH283\/nord-af-pa-65f91.jpg?1638781864\" alt=\"Rompre la solitude +++\" width=\"488\" height=\"283\">D\u00e9finition&nbsp;: par le terme d\u2019<a href=\"https:\/\/www.famidac.fr\/?+-Accueil-familial-+\">accueil familial<\/a>, nous \u00e9voquons toutes formes d\u2019accueils \u00e0 titre on\u00e9reux, que cet accueil soit \u00e0 caract\u00e8re social ou th\u00e9rapeutique&nbsp;<strong>permanent,&nbsp;<a href=\"https:\/\/www.famidac.fr\/?+-sequentiel-+\">s\u00e9quentiels<\/a>&nbsp;ou temporaire, \u00e0 temps complet ou \u00e0 \u00ab&nbsp;temps partiel&nbsp;\u00bb (de week-end, de vacances,&nbsp;<a href=\"https:\/\/www.famidac.fr\/?+-accueil-de-jour-ou-de-nuit-+\">de jour, de nuit<\/a>, \u2026)<\/strong>, \u00e0 domicile ou en&nbsp;<strong><a href=\"https:\/\/www.famidac.fr\/?-Logements-independants-\">logement ind\u00e9pendant<\/a><\/strong>. Les personnes concern\u00e9es assurent l\u2019h\u00e9bergement des personnes accueillies ainsi que tout ou partie de leur prise en charge mat\u00e9rielle, morale et relationnelle&nbsp;: nourriture, soins (sauf infirmiers), services divers \u2013 activit\u00e9s communes, accompagnement, courses, m\u00e9nage, blanchissage, voiturage\u2026<\/p>\n\n\n\n<p class=\"wp-block-paragraph\">Vous percevez un salaire pour le temps consacr\u00e9 \u00e0 chaque pensionnaire, un loyer pour la pi\u00e8ce mise \u00e0 disposition, vos frais vous sont rembours\u00e9s. Au total, plus de 1.300 \u20ac (minimum net) par mois, montant variable selon le niveau de d\u00e9pendance de la personne accueillie et le confort du logement. Vous pouvez accueillir de 1 \u00e0 3 personnes.<\/p>\n\n\n\n<p class=\"wp-block-paragraph\">L\u2019accueillant familial peut \u00eatre une personne seule ou un couple, propri\u00e9taire ou&nbsp;<a href=\"https:\/\/www.famidac.fr\/?Faut-il-etre-proprietaire-pour\">locataire<\/a>&nbsp;de son logement.<\/p>\n\n\n\n<p class=\"wp-block-paragraph\"><strong>Attention&nbsp;:<\/strong>&nbsp;l\u2019accueil familial est une activit\u00e9 sans garantie d\u2019emploi.&nbsp;L\u2019accueillant agr\u00e9\u00e9 doit&nbsp;<a href=\"https:\/\/www.famidac.fr\/?Comment-trouver-des-personnes-a-accueillir\">trouver lui-m\u00eame des personnes \u00e0 accueillir<\/a>&nbsp;et des difficult\u00e9s financi\u00e8res peuvent survenir, suite au d\u00e9part ou au d\u00e9c\u00e8s de celles-ci.<\/p>\n\n\n\n<p class=\"wp-block-paragraph\">Il n\u2019y a pas de miracle&nbsp;; le salaire de l\u2019accueillant (hors remboursement de frais et participation au loyer) se r\u00e9sume souvent \u00e0 ceci&nbsp;:<\/p>\n\n\n\n<ul class=\"wp-block-list\">\n<li><strong>1 personne accueillie = un compl\u00e9ment de revenus<\/strong>\u00a0(la moiti\u00e9 d\u2019un SMIC mensuel) tr\u00e8s pr\u00e9caire, tombant \u00e0 0 entre deux accueils.<\/li>\n\n\n\n<li><strong>2 personnes accueillies = l\u2019\u00e9quivalent d\u2019un SMIC mensuel,<\/strong>\u00a0\u2026 dans le meilleur des cas, car sans garantie d\u2019emploi et divis\u00e9 par 2 ou tombant \u00e0 0 en cas de d\u00e9part d\u2019une ou des deux personnes accueillies.<\/li>\n\n\n\n<li><strong>3 personnes accueillies = un revenu \u00ab\u00a0correct\u00a0\u00bb<\/strong>\u00a0\u2026 mais une lourde responsabilit\u00e9, 24h sur 24, 7 jours sur 7\u00a0!<\/li>\n<\/ul>\n\n\n\n<h2 class=\"wp-block-heading\">Pour devenir accueillant familial, il faut<\/h2>\n\n\n\n<ul class=\"wp-block-list\">\n<li>Obtenir l\u2019agr\u00e9ment du\u00a0<strong><a href=\"https:\/\/www.famidac.fr\/?-Annuaire-de-l-accueil-familial-social-par-departements-\">pr\u00e9sident du Conseil D\u00e9partemental<\/a><\/strong>\u00a0ou d\u2019un\u00a0<strong><a href=\"https:\/\/www.famidac.fr\/?Repertoire-des-Services-d-Accueil\">\u00e9tablissement de sant\u00e9<\/a><\/strong>\u00a0(aucun dipl\u00f4me n\u2019est exig\u00e9, mais un minimum d\u2019exp\u00e9rience familiale ou professionnelle, en mati\u00e8re de prise en charge de personnes \u00ab\u00a0en difficult\u00e9\u00a0\u00bb est appr\u00e9ci\u00e9).<\/li>\n\n\n\n<li>Mettre \u00e0 la disposition de chaque personne accueillie une chambre d\u2019au moins 9m\u00b2 (ou de 16m\u00b2 pour 2 personnes) et un\u00a0<a href=\"https:\/\/www.famidac.fr\/?Quelles-sont-les-caracteristiques\">logement d\u00e9cent<\/a>.<\/li>\n\n\n\n<li>Permettre aux personnes accueillies d\u2019acc\u00e9der librement aux espaces communs (sanitaires, s\u00e9jour, salle \u00e0 manger\u2026).<\/li>\n\n\n\n<li>Accepter les visites de contr\u00f4le et le suivi m\u00e9dico-social de la personne accueillie<\/li>\n\n\n\n<li>Passer un\u00a0<a href=\"https:\/\/www.famidac.fr\/?Contrat-type-d-accueil-familial-de-gre-a-gre\">contrat \u00e9crit<\/a>\u00a0avec la personne accueillie ou son repr\u00e9sentant l\u00e9gal, en informer imm\u00e9diatement le Conseil D\u00e9partemental et lui signaler tout changement de situation.<\/li>\n\n\n\n<li>N\u2019accepter de la part de la personne accueillie ni don, ni testament.<\/li>\n\n\n\n<li>Assurer une pr\u00e9sence permanente ou garantir son remplacement en cas d\u2019absence momentan\u00e9e. \u00c0 tout moment, les personnes accueillies doivent pouvoir solliciter l\u2019assistance d\u2019une tierce personne disponible, comp\u00e9tente et avertie.<\/li>\n<\/ul>\n\n\n\n<p class=\"wp-block-paragraph\">Les Conseils D\u00e9partementaux organisent&nbsp;<a href=\"https:\/\/www.famidac.fr\/?Quelles-formations-pour-les-accueillants-familiaux\">la&nbsp;<strong>formation initiale et continue<\/strong>&nbsp;des accueillants familiaux<\/a>. Voir \u00e9galement le&nbsp;<a href=\"https:\/\/www.famidac.fr\/?Code-de-l-action-sociale-et-des-familles-accueil-familial-de-personnes-agees-ou\">Code de l\u2019Action Sociale et des familles, articles L441-1 et suivants<\/a><\/p>\n\n\n\n<p class=\"wp-block-paragraph\">Lorsque vous aurez obtenu votre agr\u00e9ment,&nbsp;<a href=\"https:\/\/www.famidac.fr\/?-Famidac-espace-adherents-\">Famidac<\/a>&nbsp;pourra vous aider \u00e0 trouver des personnes \u00e0 accueillir.<\/p>\n\n\n\n<p class=\"wp-block-paragraph\"><strong>Avantages&nbsp;:<\/strong><\/p>\n\n\n\n<p class=\"wp-block-paragraph\">Pour l\u2019accueillant(e)&nbsp;:<\/p>\n\n\n\n<ul class=\"wp-block-list\">\n<li>une activit\u00e9 pouvant \u00eatre exerc\u00e9e \u00e0 domicile,<\/li>\n\n\n\n<li><a href=\"https:\/\/www.famidac.fr\/?La-retribution-des-accueillants-familiaux-l-URSSAF\">une r\u00e9mun\u00e9ration ouvrant droit \u00e0 couverture sociale<\/a>,<\/li>\n\n\n\n<li>un soutien m\u00e9dico-social.<\/li>\n<\/ul>\n\n\n\n<p class=\"wp-block-paragraph\">Pour la personne accueillie&nbsp;:<\/p>\n\n\n\n<ul class=\"wp-block-list\">\n<li>un environnement familial,<\/li>\n\n\n\n<li>un soutien m\u00e9dico-social,<\/li>\n\n\n\n<li>l\u2019allocation logement \u00e0 caract\u00e8re social ou l\u2019aide personnalis\u00e9e au logement,<\/li>\n\n\n\n<li>la prise en charge par l\u2019aide sociale en cas de ressources insuffisantes.<\/li>\n<\/ul>\n\n\n\n<p class=\"wp-block-paragraph\"><strong>Le contrat d\u2019accueil&nbsp;:<\/strong><\/p>\n\n\n\n<p class=\"wp-block-paragraph\">Il est obligatoire conclu entre la personne agr\u00e9\u00e9e et la personne accueillie, ou son repr\u00e9sentant l\u00e9gal (<a href=\"https:\/\/www.famidac.fr\/?Contrat-type-d-accueil-familial-de-gre-a-gre\">voir le contrat type national<\/a>).<\/p>\n\n\n\n<p class=\"wp-block-paragraph\">La personne agr\u00e9\u00e9e est employ\u00e9e par la personne accueillie ou par l\u2019\u00e9tablissement responsable de son placement.<\/p>\n\n\n\n<h2 class=\"wp-block-heading\">Pour demander votre agr\u00e9ment&nbsp;:<\/h2>\n\n\n\n<p class=\"wp-block-paragraph\">Pour un accueil familial&nbsp;<strong>th\u00e9rapeutique&nbsp;:&nbsp;<a href=\"https:\/\/www.famidac.fr\/?Comment-devenir-accueillant-e\">cliquez ici<\/a><\/strong><\/p>\n\n\n\n<p class=\"wp-block-paragraph\">Pour un accueil familial \u00ab&nbsp;social&nbsp;\u00bb&nbsp;: suivez les \u00e9tapes indiqu\u00e9es ci-dessous.<\/p>\n\n\n\n<ul class=\"wp-block-list\">\n<li><strong>\u00c9tape 1<\/strong><\/li>\n<\/ul>\n\n\n\n<p class=\"wp-block-paragraph\">Adressez une lettre de demande d\u2019agr\u00e9ment au Pr\u00e9sident de votre Conseil D\u00e9partemental (coordonn\u00e9es \u00e0 la&nbsp;<a href=\"https:\/\/www.famidac.fr\/spip.php?page=article&amp;id_article=60\">rubrique d\u00e9partements<\/a>).<\/p>\n\n\n\n<p class=\"wp-block-paragraph\">Exemple de courrier&nbsp;:<\/p>\n\n\n\n<blockquote class=\"wp-block-quote is-layout-flow wp-block-quote-is-layout-flow\">\n<p class=\"wp-block-paragraph\"><em>Nom, Pr\u00e9nom,<br>adresse,<br>t\u00e9l\u00e9phone<\/em><\/p>\n\n\n\n<p class=\"wp-block-paragraph\">\u00e0<\/p>\n\n\n\n<p class=\"wp-block-paragraph\">Monsieur le Pr\u00e9sident (ou&nbsp;<em>Madame la Pr\u00e9sidente<\/em>) du Conseil D\u00e9partemental<br>(<a href=\"https:\/\/www.famidac.fr\/?-Annuaire-de-l-accueil-familial-social-par-departements-\">adresse<\/a>)<\/p>\n\n\n\n<p class=\"wp-block-paragraph\">Date ________<\/p>\n\n\n\n<p class=\"wp-block-paragraph\">Objet&nbsp;: demande d\u2019agr\u00e9ment d\u2019accueillant familial<\/p>\n\n\n\n<p class=\"wp-block-paragraph\">Monsieur le Pr\u00e9sident (ou&nbsp;<em>Madame la Pr\u00e9sidente<\/em>)<\/p>\n\n\n\n<p class=\"wp-block-paragraph\">Par la pr\u00e9sente, je sollicite votre agr\u00e9ment pour accueillir, \u00e0 mon domicile, \u00e0 titre habituel et on\u00e9reux, X (pr\u00e9ciser ici le nombre, de 1 \u00e0 3)&nbsp;<strong>personnes \u00e2g\u00e9es ou handicap\u00e9es adultes<\/strong>&nbsp;[<a href=\"https:\/\/www.famidac.fr\/?Comment-devenir-accueillant#nb1\">1<\/a>], conform\u00e9ment au Code de l\u2019Action Sociale et des familles,&nbsp;<a href=\"https:\/\/www.famidac.fr\/?Code-de-l-action-sociale-et-des-familles-accueil-familial-de-personnes-agees-ou\">article L441-1 et suivants<\/a>.<\/p>\n\n\n\n<p class=\"wp-block-paragraph\">A cet effet, je vous serai reconnaissant (e) de bien vouloir m\u2019adresser les documents (dossier de demande d\u2019agr\u00e9ment, notice\u2026) n\u00e9cessaires au d\u00e9p\u00f4t officiel de ma demande.<\/p>\n\n\n\n<p class=\"wp-block-paragraph\">Dans cette attente, je reste \u00e0 votre disposition pour tout compl\u00e9ment d\u2019information.<\/p>\n\n\n\n<p class=\"wp-block-paragraph\">Veuillez agr\u00e9er, Monsieur le Pr\u00e9sident (ou&nbsp;<em>Madame la Pr\u00e9sidente<\/em>), l\u2019expression de ma consid\u00e9ration respectueuse.<\/p>\n\n\n\n<p class=\"wp-block-paragraph\"><em>Signature<\/em><\/p>\n<\/blockquote>\n\n\n\n<p class=\"wp-block-paragraph\">Vous recevrez ensuite un dossier \u00e0 compl\u00e9ter et \u00e0 retourner.<\/p>\n\n\n\n<ul class=\"wp-block-list\">\n<li><strong>\u00c9tape 2<\/strong><\/li>\n<\/ul>\n\n\n\n<figure class=\"wp-block-image\"><img decoding=\"async\" src=\"https:\/\/www.famidac.fr\/local\/cache-vignettes\/L640xH912\/PleineVie-p2-dc9d5.jpg?1696515752\" alt=\"Pleine Vie\" title=\"Pleine Vie\"\/><\/figure>\n\n\n\n<p class=\"wp-block-paragraph\">Renvoyez en recommand\u00e9 avec avis de r\u00e9ception le dossier d\u2019agr\u00e9ment avec les pi\u00e8ces justificatives. Chaque d\u00e9partement a ses propres exigences qui sont pr\u00e9cis\u00e9es dans le formulaire. Mais en g\u00e9n\u00e9ral, il est demand\u00e9 un certificat m\u00e9dical, un extrait de casier judiciaire, une photocopie de votre livret de famille ou de votre carte d\u2019identit\u00e9.<\/p>\n\n\n\n<p class=\"wp-block-paragraph\">Le Conseil D\u00e9partemental a dix jours pour accuser r\u00e9ception de votre demande.<\/p>\n\n\n\n<ul class=\"wp-block-list\">\n<li><strong>\u00c9tape 3<\/strong><\/li>\n<\/ul>\n\n\n\n<p class=\"wp-block-paragraph\">Le Conseil D\u00e9partemental a 4 mois pour instruire votre demande&nbsp;: vous recevrez une ou plusieurs visites des services sociaux.<\/p>\n\n\n\n<p class=\"wp-block-paragraph\">Article&nbsp;<a href=\"https:\/\/www.famidac.fr\/?Code-de-l-action-sociale-et-des-familles-accueil-familial-de-personnes-agees-ou#R441-4\">R441-4 du Code de l\u2019action sociale et des familles<\/a>&nbsp;: La d\u00e9cision du pr\u00e9sident du Conseil D\u00e9partemental est notifi\u00e9e dans un d\u00e9lai de quatre mois \u00e0 compter de la date d\u2019accus\u00e9 de r\u00e9ception du dossier complet.&nbsp;<strong>A d\u00e9faut de notification d\u2019une d\u00e9cision dans ce d\u00e9lai, l\u2019agr\u00e9ment est r\u00e9put\u00e9 acquis<\/strong>. Tout refus d\u2019agr\u00e9ment doit \u00eatre motiv\u00e9.<\/p>\n\n\n\n<ul class=\"wp-block-list\">\n<li><strong>\u00c9tape 4<\/strong><\/li>\n<\/ul>\n\n\n\n<p class=\"wp-block-paragraph\">Une fois accord\u00e9e, la d\u00e9cision d\u2019agr\u00e9ment mentionne&nbsp;:<br>\u2013 la date de d\u00e9but et de fin de l\u2019agr\u00e9ment&nbsp;;<br>\u2013 le nombre de personnes susceptibles d\u2019\u00eatre accueillies (au maximum trois)&nbsp;;<br>\u2013 le cas \u00e9ch\u00e9ant, la r\u00e9partition entre personnes \u00e2g\u00e9es et adultes handicap\u00e9s&nbsp;;<br>\u2013 les modalit\u00e9s de l\u2019accueil&nbsp;: \u00e0 temps complet ou partiel, permanent ou temporaire\u2026<\/p>\n\n\n\n<ul class=\"wp-block-list\">\n<li><strong>\u00c9tape 5<\/strong><\/li>\n<\/ul>\n\n\n\n<p class=\"wp-block-paragraph\">Le Conseil D\u00e9partemental est garant des conditions d\u2019accueil offertes par les familles qu\u2019il a agr\u00e9\u00e9es et du respect de la r\u00e9glementation. Pour cela, il organise la formation des accueillants, le contr\u00f4le des conditions d\u2019accueil et s\u2019assure de la mise en place d\u2019un suivi m\u00e9dico-social des accueillis.<\/p>\n\n\n\n<p class=\"wp-block-paragraph\"><strong>Attention<\/strong>&nbsp;: Toute personne qui exerce l\u2019activit\u00e9 d\u2019accueillant familial, \u00e0 temps partiel ou complet, sans avoir obtenu l\u2019agr\u00e9ment du Conseil D\u00e9partemental se verra mis en demeure de r\u00e9gulariser sa situation dans un d\u00e9lai qui lui sera fix\u00e9. Pass\u00e9 ce d\u00e9lai, elle encourt une peine de prison de trois mois et 3.750 \u20ac d\u2019amende.<\/p>\n\n\n\n<h2 class=\"wp-block-heading\">Pour en savoir plus<\/h2>\n\n\n\n<figure class=\"wp-block-image\"><a href=\"https:\/\/www.famidac.fr\/IMG\/pdf\/annexe_3-8-3-referentiel_agrement_accueillants_familiaux.pdf\"><img decoding=\"async\" src=\"https:\/\/www.famidac.fr\/local\/cache-vignettes\/L64xH64\/pdf-b8aed.svg?1702908382\" alt=\"\"\/><\/a><figcaption class=\"wp-element-caption\"><strong>Annexe 3.8.3&nbsp;: r\u00e9f\u00e9rentiel d\u2019agr\u00e9ment des accueillants familiaux<\/strong>Modifi\u00e9e par le&nbsp;<a href=\"https:\/\/www.legifrance.gouv.fr\/affichCodeArticle.do;jsessionid=337E9BCA378EAB2522510B2BCEBD60EC.tplgfr33s_3?idArticle=LEGIARTI000038928479&amp;cidTexte=LEGITEXT000006074069&amp;categorieLien=id&amp;dateTexte=\" target=\"_blank\" rel=\"noreferrer noopener\">D\u00e9cret n\u00b02019-772 du 24 juillet 2019<\/a><\/figcaption><\/figure>\n\n\n\n<p class=\"wp-block-paragraph\">Conseils&nbsp;: visitez les autres pages de ce site avant de demander votre agr\u00e9ment&nbsp;!!!<\/p>\n\n\n\n<p class=\"wp-block-paragraph\">Lisez avant tout<\/p>\n\n\n\n<ul class=\"wp-block-list\">\n<li><strong><a href=\"https:\/\/www.famidac.fr\/?Agrement-des-accueillants-familiaux\">Le R\u00e9f\u00e9rentiel d\u2019agr\u00e9ment des accueillants familiaux<\/a><\/strong><\/li>\n\n\n\n<li><a href=\"https:\/\/www.famidac.fr\/?2009-Je-voudrais-accueillir-chez\">Le magazine Pleine Vie n\u00b0\u00a0272 \u2013 f\u00e9vrier 2009<\/a><\/li>\n<\/ul>\n\n\n\n<p class=\"wp-block-paragraph\">Consultez les autres&nbsp;<a href=\"https:\/\/www.famidac.fr\/?-Vos-questions-\">questions et r\u00e9ponses de cette rubrique<\/a>&nbsp;\u2026 ou servez-vous du bouton \u00ab&nbsp;rechercher&nbsp;\u00bb pour poser vos questions.<\/p>\n\n\n\n<p class=\"wp-block-paragraph\">Sur&nbsp;<a href=\"http:\/\/www.famidac.fr\/forum\/\" target=\"_blank\" rel=\"noreferrer noopener\">notre forum<\/a>, vous trouverez plein d\u2019autres pr\u00e9cisions&nbsp;; voici quelques-uns des sujets d\u00e9j\u00e0 \u00ab&nbsp;en ligne&nbsp;\u00bb&nbsp;:<\/p>\n\n\n\n<ul class=\"wp-block-list\">\n<li><a href=\"http:\/\/www.famidac.fr\/forum\/read.php?14,796\" target=\"_blank\" rel=\"noreferrer noopener\">Devenir accueillant familial<\/a><\/li>\n\n\n\n<li><a href=\"http:\/\/www.famidac.fr\/forum\/read.php?14,2144\" target=\"_blank\" rel=\"noreferrer noopener\">Le dossier d\u2019agr\u00e9ment<\/a><\/li>\n\n\n\n<li>La\u00a0<a href=\"http:\/\/www.famidac.fr\/forum\/read.php?14,2311,10587\" target=\"_blank\" rel=\"noreferrer noopener\">Commission d\u2019agr\u00e9ment<\/a>\u00a0et de\u00a0<a href=\"http:\/\/www.famidac.fr\/forum\/read.php?14,3025,10088\" target=\"_blank\" rel=\"noreferrer noopener\">retrait d\u2019agr\u00e9ment<\/a><\/li>\n\n\n\n<li><a href=\"http:\/\/www.famidac.fr\/forum\/read.php?14,11346\" target=\"_blank\" rel=\"noreferrer noopener\">Les remplacements<\/a><\/li>\n\n\n\n<li><a href=\"http:\/\/www.famidac.fr\/forum\/read.php?14,195,11131\" target=\"_blank\" rel=\"noreferrer noopener\">L\u2019extension d\u2019agr\u00e9ment<\/a><\/li>\n\n\n\n<li><a href=\"http:\/\/www.famidac.fr\/forum\/read.php?14,801\" target=\"_blank\" rel=\"noreferrer noopener\">Agr\u00e9ment de couple<\/a><\/li>\n\n\n\n<li><a href=\"http:\/\/www.famidac.fr\/forum\/read.php?14,438\" target=\"_blank\" rel=\"noreferrer noopener\">R\u00e9mun\u00e9ration des accueillants<\/a><\/li>\n\n\n\n<li><a href=\"http:\/\/www.famidac.fr\/forum\/read.php?14,4626\" target=\"_blank\" rel=\"noreferrer noopener\">Les suj\u00e9tions particuli\u00e8res<\/a><\/li>\n\n\n\n<li><a href=\"http:\/\/www.famidac.fr\/forum\/read.php?14,3461\" target=\"_blank\" rel=\"noreferrer noopener\">Le \u00ab\u00a0loyer\u00a0\u00bb<\/a><\/li>\n\n\n\n<li><a href=\"http:\/\/www.famidac.fr\/forum\/read.php?14,116\" target=\"_blank\" rel=\"noreferrer noopener\">Date de r\u00e8glement des frais d\u2019accueil<\/a><\/li>\n\n\n\n<li><a href=\"https:\/\/www.famidac.fr\/?La-retribution-des-accueillants-familiaux-l-URSSAF\">Bulletins de salaire<\/a><\/li>\n\n\n\n<li><a href=\"http:\/\/www.famidac.fr\/forum\/read.php?14,1344\" target=\"_blank\" rel=\"noreferrer noopener\">Hospitalisation de la personne accueillie<\/a><\/li>\n\n\n\n<li><a href=\"http:\/\/www.famidac.fr\/forum\/read.php?14,2951\" target=\"_blank\" rel=\"noreferrer noopener\">Absences de la personne accueillie pour convenance personnelle<\/a><\/li>\n\n\n\n<li><a href=\"http:\/\/www.famidac.fr\/forum\/\" target=\"_blank\" rel=\"noreferrer noopener\">etc. etc. \u2026<\/a><\/li>\n<\/ul>\n\n\n\n<hr class=\"wp-block-separator has-alpha-channel-opacity\"\/>\n\n\n\n<h2 class=\"wp-block-heading\">En cas de refus d\u2019agr\u00e9ment<\/h2>\n\n\n\n<p class=\"wp-block-paragraph\">Voir notre article&nbsp;<a href=\"https:\/\/www.famidac.fr\/?Recours-gracieux-ou-contentieux\">Recours gracieux ou contentieux&nbsp;: vos voies de recours en cas de refus d\u2019agr\u00e9ment, de renouvellement ou d\u2019extension d\u2019agr\u00e9ment<\/a>.<\/p>\n\n\n\n<h2 class=\"wp-block-heading\">P.-S.<\/h2>\n\n\n\n<p class=\"wp-block-paragraph\"><strong>Lire \u00e9galement&nbsp;:<\/strong><\/p>\n\n\n\n<ul class=\"wp-block-list\">\n<li>sur service-public.fr<br>>\u00a0<a href=\"https:\/\/www.service-public.fr\/particuliers\/vosdroits\/F15240\" target=\"_blank\" rel=\"noreferrer noopener\">Accueil familial d\u2019une personne \u00e2g\u00e9e et\/ou handicap\u00e9e (accueillant familial)<\/a><br>>\u00a0<a href=\"https:\/\/www.service-public.fr\/particuliers\/vosdroits\/F32795\" target=\"_blank\" rel=\"noreferrer noopener\">Comment devenir accueillant familial (accueil d\u2019une personne \u00e2g\u00e9e\/handicap\u00e9e)\u00a0?<\/a><\/li>\n\n\n\n<li>sur femmeactuelle.fr\u00a0:<br>>\u00a0<a href=\"https:\/\/www.femmeactuelle.fr\/vie-pratique\/famille\/et-si-je-devenais-accueillant-familial-2134943\" target=\"_blank\" rel=\"noreferrer noopener\">Et si je devenais accueillant familial\u00a0?<\/a><\/li>\n<\/ul>\n\n\n\n<h2 class=\"wp-block-heading\">Concernant le handicap<\/h2>\n\n\n\n<p class=\"wp-block-paragraph\"><img decoding=\"async\" src=\"https:\/\/www.famidac.fr\/local\/cache-vignettes\/L183xH158\/handicaps-44a81.jpg?1638781865\" alt=\"\" width=\"183\" height=\"158\"><strong>Les personnes dites \u00ab&nbsp;handicap\u00e9es&nbsp;\u00bb qui cherchent un accueil familial ne souffrent pas syst\u00e9matiquement de d\u00e9ficiences motrices<\/strong><\/p>\n\n\n\n<p class=\"wp-block-paragraph\">Les personnes dites \u00ab&nbsp;handicap\u00e9es&nbsp;\u00bb qui cherchent un accueil familial ne souffrent pas syst\u00e9matiquement de d\u00e9ficiences motrices&nbsp;: la plupart d\u2019entre elles souffrent de<\/p>\n\n\n\n<ul class=\"wp-block-list\">\n<li>Solitude, isolement social, manque de pr\u00e9sence s\u00e9curisantes<\/li>\n\n\n\n<li>D\u00e9ficience psychique (d\u00e9pression nerveuse, schizophr\u00e9nie, parano\u00efa, autisme \u2026)<\/li>\n\n\n\n<li>D\u00e9ficience intellectuelle ou cognitive (exemple\u00a0: QI inf\u00e9rieur \u00e0 69, trisomie, troubles de la m\u00e9moire \u2026 )<\/li>\n\n\n\n<li>Maladie invalidante (maladies cardiaques, diab\u00e8te, \u00e9pilepsie, asthme s\u00e9v\u00e8re, insuffisance r\u00e9nale, allergies s\u00e9v\u00e8res, cancer, VIH \u2026)<\/li>\n\n\n\n<li>D\u00e9ficience visuelle ou auditive, D\u00e9ficience du langage, D\u00e9ficience visc\u00e9rales, etc. \u2026<\/li>\n<\/ul>\n\n\n\n<p class=\"wp-block-paragraph\">\u2026 qui ne les emp\u00eachent pas de gravir des escaliers.<\/p>\n\n\n\n<p class=\"wp-block-paragraph\">Concernant&nbsp;<strong>la d\u00e9finition l\u00e9gale du handicap<\/strong>, voir<\/p>\n\n\n\n<ul class=\"wp-block-list\">\n<li>L\u2019<a href=\"http:\/\/www.legifrance.gouv.fr\/affichCodeArticle.do?cidTexte=LEGITEXT000006074069&amp;idArticle=LEGIARTI000006796446&amp;dateTexte=&amp;categorieLien=cid\" target=\"_blank\" rel=\"noreferrer noopener\">article L. 114-1 du code de l\u2019action sociale et des familles<\/a>\u00a0:<br><em>\u00ab\u00a0Constitue un handicap, au sens de la pr\u00e9sente loi,\u00a0toute limitation d\u2019activit\u00e9 ou restriction de participation \u00e0 la vie en soci\u00e9t\u00e9\u00a0subie dans son environnement par une personne en raison d\u2019une alt\u00e9ration substantielle, durable ou d\u00e9finitive d\u2019une ou plusieurs fonctions physiques, sensorielles, mentales, cognitives ou psychiques, d\u2019un polyhandicap ou d\u2019un trouble de sant\u00e9 invalidant\u00a0\u00bb.<\/em><\/li>\n\n\n\n<li><a href=\"https:\/\/www.handicap-info.fr\/definition-du-handicap\/\" target=\"_blank\" rel=\"noreferrer noopener\">sur handicap-info.fr, quelques pr\u00e9cisions<\/a><\/li>\n<\/ul>\n\n\n\n<h2 class=\"wp-block-heading\">Notes<\/h2>\n\n\n\n<p class=\"wp-block-paragraph\">[<a href=\"https:\/\/www.famidac.fr\/?Comment-devenir-accueillant#nh1\">1<\/a>]&nbsp;Nous vous recommandons vivement de demander le double agr\u00e9ment, pour l\u2019accueil de&nbsp;<strong>personnes \u00e2g\u00e9es ou handicap\u00e9es adultes<\/strong>&nbsp;: la d\u00e9marche est exactement identique et vous permet d\u2019accueillir des personnes majeures, sans restriction aux \u00ab&nbsp;plus de 60 ans&nbsp;\u00bb ou aux \u00ab&nbsp;moins de 60 ans&nbsp;\u00bb.<\/p>\n\n\n\n<p class=\"wp-block-paragraph\">Pour les personnes interess\u00e9 pour un agr\u00e9ment MAF, il suffit de mentionner dans la demande d\u2019agr\u00e9ment MAF \u00e0 la place de famille d\u2019accueil<\/p>\n","protected":false},"excerpt":{"rendered":"<p>Cr\u00e9ez votre propre emploi \u00e0 domicile en devenant&nbsp;accueillant(e) familial(e) En devenant&nbsp;accueillant familial&nbsp;social&nbsp;ou&nbsp;th\u00e9rapeutique, vous pouvez cr\u00e9er votre propre emploi ind\u00e9pendant, \u00e0 domicile&nbsp;! D\u00e9finition&nbsp;: par le terme d\u2019accueil familial, nous \u00e9voquons toutes formes d\u2019accueils \u00e0 titre on\u00e9reux, que cet accueil soit \u00e0 caract\u00e8re social ou th\u00e9rapeutique&nbsp;permanent,&nbsp;s\u00e9quentiels&nbsp;ou temporaire, \u00e0 temps complet ou \u00e0 \u00ab&nbsp;temps partiel&nbsp;\u00bb (de week-end, de [&hellip;]<\/p>\n","protected":false},"author":1,"featured_media":0,"comment_status":"open","ping_status":"closed","sticky":false,"template":"","format":"standard","meta":{"_crdt_document":"","_uag_custom_page_level_css":"","site-sidebar-layout":"default","site-content-layout":"","ast-site-content-layout":"default","site-content-style":"default","site-sidebar-style":"default","ast-global-header-display":"","ast-banner-title-visibility":"","ast-main-header-display":"","ast-hfb-above-header-display":"","ast-hfb-below-header-display":"","ast-hfb-mobile-header-display":"","site-post-title":"","ast-breadcrumbs-content":"","ast-featured-img":"","footer-sml-layout":"","ast-disable-related-posts":"","theme-transparent-header-meta":"","adv-header-id-meta":"","stick-header-meta":"","header-above-stick-meta":"","header-main-stick-meta":"","header-below-stick-meta":"","astra-migrate-meta-layouts":"default","ast-page-background-enabled":"default","ast-page-background-meta":{"desktop":{"background-color":"var(--ast-global-color-4)","background-image":"","background-repeat":"repeat","background-position":"center center","background-size":"auto","background-attachment":"scroll","background-type":"","background-media":"","overlay-type":"","overlay-color":"","overlay-opacity":"","overlay-gradient":""},"tablet":{"background-color":"","background-image":"","background-repeat":"repeat","background-position":"center center","background-size":"auto","background-attachment":"scroll","background-type":"","background-media":"","overlay-type":"","overlay-color":"","overlay-opacity":"","overlay-gradient":""},"mobile":{"background-color":"","background-image":"","background-repeat":"repeat","background-position":"center center","background-size":"auto","background-attachment":"scroll","background-type":"","background-media":"","overlay-type":"","overlay-color":"","overlay-opacity":"","overlay-gradient":""}},"ast-content-background-meta":{"desktop":{"background-color":"var(--ast-global-color-5)","background-image":"","background-repeat":"repeat","background-position":"center center","background-size":"auto","background-attachment":"scroll","background-type":"","background-media":"","overlay-type":"","overlay-color":"","overlay-opacity":"","overlay-gradient":""},"tablet":{"background-color":"var(--ast-global-color-5)","background-image":"","background-repeat":"repeat","background-position":"center center","background-size":"auto","background-attachment":"scroll","background-type":"","background-media":"","overlay-type":"","overlay-color":"","overlay-opacity":"","overlay-gradient":""},"mobile":{"background-color":"var(--ast-global-color-5)","background-image":"","background-repeat":"repeat","background-position":"center center","background-size":"auto","background-attachment":"scroll","background-type":"","background-media":"","overlay-type":"","overlay-color":"","overlay-opacity":"","overlay-gradient":""}},"footnotes":""},"categories":[6],"tags":[],"class_list":["post-2624","post","type-post","status-publish","format-standard","hentry","category-ressources"],"aioseo_notices":[],"uagb_featured_image_src":{"full":false,"thumbnail":false,"medium":false,"medium_large":false,"large":false,"1536x1536":false,"2048x2048":false,"woocommerce_thumbnail":false,"woocommerce_single":false,"woocommerce_gallery_thumbnail":false},"uagb_author_info":{"display_name":"admin","author_link":"https:\/\/maf.invictus-asso.fr\/index.php\/author\/alladin\/"},"uagb_comment_info":3,"uagb_excerpt":"Cr\u00e9ez votre propre emploi \u00e0 domicile en devenant&nbsp;accueillant(e) familial(e) En devenant&nbsp;accueillant familial&nbsp;social&nbsp;ou&nbsp;th\u00e9rapeutique, vous pouvez cr\u00e9er votre propre emploi ind\u00e9pendant, \u00e0 domicile&nbsp;! D\u00e9finition&nbsp;: par le terme d\u2019accueil familial, nous \u00e9voquons toutes formes d\u2019accueils \u00e0 titre on\u00e9reux, que cet accueil soit \u00e0 caract\u00e8re social ou th\u00e9rapeutique&nbsp;permanent,&nbsp;s\u00e9quentiels&nbsp;ou temporaire, \u00e0 temps complet ou \u00e0 \u00ab&nbsp;temps partiel&nbsp;\u00bb (de week-end, de\u2026","_links":{"self":[{"href":"https:\/\/maf.invictus-asso.fr\/index.php\/wp-json\/wp\/v2\/posts\/2624","targetHints":{"allow":["GET"]}}],"collection":[{"href":"https:\/\/maf.invictus-asso.fr\/index.php\/wp-json\/wp\/v2\/posts"}],"about":[{"href":"https:\/\/maf.invictus-asso.fr\/index.php\/wp-json\/wp\/v2\/types\/post"}],"author":[{"embeddable":true,"href":"https:\/\/maf.invictus-asso.fr\/index.php\/wp-json\/wp\/v2\/users\/1"}],"replies":[{"embeddable":true,"href":"https:\/\/maf.invictus-asso.fr\/index.php\/wp-json\/wp\/v2\/comments?post=2624"}],"version-history":[{"count":2,"href":"https:\/\/maf.invictus-asso.fr\/index.php\/wp-json\/wp\/v2\/posts\/2624\/revisions"}],"predecessor-version":[{"id":2630,"href":"https:\/\/maf.invictus-asso.fr\/index.php\/wp-json\/wp\/v2\/posts\/2624\/revisions\/2630"}],"wp:attachment":[{"href":"https:\/\/maf.invictus-asso.fr\/index.php\/wp-json\/wp\/v2\/media?parent=2624"}],"wp:term":[{"taxonomy":"category","embeddable":true,"href":"https:\/\/maf.invictus-asso.fr\/index.php\/wp-json\/wp\/v2\/categories?post=2624"},{"taxonomy":"post_tag","embeddable":true,"href":"https:\/\/maf.invictus-asso.fr\/index.php\/wp-json\/wp\/v2\/tags?post=2624"}],"curies":[{"name":"wp","href":"https:\/\/api.w.org\/{rel}","templated":true}]}}