{"id":103,"date":"2024-08-31T03:56:32","date_gmt":"2024-08-31T03:56:32","guid":{"rendered":"https:\/\/maf.invictus-asso.fr\/?p=103"},"modified":"2024-08-31T03:56:32","modified_gmt":"2024-08-31T03:56:32","slug":"les-maisons-daccueillants-familiaux-pour-nos-gramounes","status":"publish","type":"post","link":"https:\/\/maf.invictus-asso.fr\/index.php\/2024\/08\/31\/les-maisons-daccueillants-familiaux-pour-nos-gramounes\/","title":{"rendered":"LES MAISONS D\u2019ACCUEILLANTS FAMILIAUX pour nos \u00ab gramounes \u00bb"},"content":{"rendered":"<p>&nbsp;<\/p>\n<p><img fetchpriority=\"high\" decoding=\"async\" class=\"aligncenter wp-image-104\" src=\"https:\/\/maf.invictus-asso.fr\/wp-content\/uploads\/2024\/08\/Capture-decran-du-2024-08-31-07-54-12-300x107.png\" alt=\"\" width=\"715\" height=\"255\" srcset=\"https:\/\/maf.invictus-asso.fr\/wp-content\/uploads\/2024\/08\/Capture-decran-du-2024-08-31-07-54-12-300x107.png 300w, https:\/\/maf.invictus-asso.fr\/wp-content\/uploads\/2024\/08\/Capture-decran-du-2024-08-31-07-54-12-768x274.png 768w, https:\/\/maf.invictus-asso.fr\/wp-content\/uploads\/2024\/08\/Capture-decran-du-2024-08-31-07-54-12-600x214.png 600w, https:\/\/maf.invictus-asso.fr\/wp-content\/uploads\/2024\/08\/Capture-decran-du-2024-08-31-07-54-12.png 796w\" sizes=\"(max-width: 715px) 100vw, 715px\" \/><\/p>\n<p>Qu\u2019est ce qu\u2019une MAF ?<\/p>\n<p>C\u2019est un regroupement d\u2019accueillants familiaux agr\u00e9\u00e9s par le D\u00e9partement, et salari\u00e9s par une personne morale priv\u00e9e ou<br \/>\npublique. Dans un local d\u00e9di\u00e9, 2 \u00e0 4 accueillants familiaux assureront l\u2019accueil de 3 \u00e0 16 personnes \u00e2g\u00e9es (PA) ou en situation de<br \/>\nhandicap (PH), soit 3 PA\/PH par accueillant, voire 4 en pr\u00e9sence d\u2019un couple d\u2019accueillis.<br \/>\nPour quel public ?<br \/>\nPour les personnes \u00e2g\u00e9es, l\u2019accueil est ouvert d\u00e8s 60 ans. Il concerne les personnes vivant seules \u00e0 domicile, ne souhaitant plus<br \/>\ny rester, ou sortant de l\u2019h\u00f4pital et dont le retour \u00e0 domicile est difficile.<br \/>\nPour les personnes en situation de handicap, l\u2019accueil est ouvert d\u00e8s 18 ans \u00e0 la condition que la personne concern\u00e9e ne rel\u00e8ve<br \/>\npas d\u2019une orientation en Maison d\u2019Accueil Sp\u00e9cialis\u00e9e (MAS).<br \/>\nQuels sont les services offerts ?<br \/>\nUn mode d\u2019accueil interm\u00e9diaire entre le domicile et l\u2019\u00e9tablissement, un cadre de vie s\u00e9curisant et chaleureux, le bien Vivre<br \/>\nR\u00e9unionnais (cuisine cr\u00e9ole avec des produits frais issus de l\u2019agriculture r\u00e9unionnaise)<br \/>\nQuels sont ses objectifs ?<br \/>\nr\u00e9pondre aux situations d\u2019urgence en r\u00e9servant certaines capacit\u00e9s de ces MAF \u00e0 l\u2019accueil temporaire ou d\u2019urgence (sorties<br \/>\nd\u2019hospitalisation, de centre r\u00e9\u00e9ducation\u2026) ;<br \/>\naccroitre les capacit\u00e9s d\u2019accueil \u00e0 dimension humaine ;<br \/>\nlutter contre l\u2019isolement de personnes \u00e2g\u00e9es ;<br \/>\ncompl\u00e9ter le dispositif en faveur des aidants familiaux ;<br \/>\ncr\u00e9er des emplois d\u2019accueillants familiaux par la d\u00e9livrance d\u2019un agr\u00e9ment \u00e0 des personnes ayant des qualit\u00e9s humaines et<br \/>\nrelationnelles,<br \/>\nins\u00e9rer professionnellement de jeunes R\u00e9unionnais pour faciliter la transmission de savoirs et le maintien du lien interg\u00e9n\u00e9rationnel,<br \/>\nconsolider la r\u00e9ponse apport\u00e9e aux aidants pour leur permettre de souffler quelques heures ou quelques jours et garantir un<br \/>\n\u00ab droit \u00bb au r\u00e9pit.<br \/>\nUn r\u00e9el levier \u00e9conomique pour les R\u00e9unionnais<br \/>\nCette nouvelle initiative propos\u00e9e par le D\u00e9partement offre :<br \/>\nDes opportunit\u00e9s d\u2019insertion professionnelle \u00e0 des personnes en recherche d\u2019emploi ou qui ne disposent pas de logements<br \/>\nhabilit\u00e9s pour ce type d\u2019accueil, un salariat des accueillants familiaux sous certaines conditions, une \u00e9quipe mobile de jeunes<br \/>\nrecrut\u00e9e dans le cadre du service civique pour assurer des actions de pr\u00e9vention.<br \/>\nQui sont concern\u00e9s ?<br \/>\nLes personnes \u00e0 la recherche d\u2019une activit\u00e9 \u00e0 domicile, les personnes disponibles et motiv\u00e9es, les personnes \u00e0 la recherche d\u2019une<br \/>\nactivit\u00e9 \u00e0 temps partiel ou \u00e0 temps complet, les personnes \u00e0 la recherche d\u2019un revenu compl\u00e9mentaire ou d\u2019un compl\u00e9ment de<br \/>\nrevenu.<\/p>\n","protected":false},"excerpt":{"rendered":"<p>&nbsp; Qu\u2019est ce qu\u2019une MAF ? C\u2019est un regroupement d\u2019accueillants familiaux agr\u00e9\u00e9s par le D\u00e9partement, et salari\u00e9s par une personne morale priv\u00e9e ou publique. Dans un local d\u00e9di\u00e9, 2 \u00e0 4 accueillants familiaux assureront l\u2019accueil de 3 \u00e0 16 personnes \u00e2g\u00e9es (PA) ou en situation de handicap (PH), soit 3 PA\/PH par accueillant, voire 4 [&hellip;]<\/p>\n","protected":false},"author":1,"featured_media":0,"comment_status":"open","ping_status":"closed","sticky":false,"template":"","format":"standard","meta":{"_crdt_document":"","_uag_custom_page_level_css":"","site-sidebar-layout":"default","site-content-layout":"","ast-site-content-layout":"default","site-content-style":"default","site-sidebar-style":"default","ast-global-header-display":"","ast-banner-title-visibility":"","ast-main-header-display":"","ast-hfb-above-header-display":"","ast-hfb-below-header-display":"","ast-hfb-mobile-header-display":"","site-post-title":"","ast-breadcrumbs-content":"","ast-featured-img":"","footer-sml-layout":"","ast-disable-related-posts":"","theme-transparent-header-meta":"","adv-header-id-meta":"","stick-header-meta":"","header-above-stick-meta":"","header-main-stick-meta":"","header-below-stick-meta":"","astra-migrate-meta-layouts":"default","ast-page-background-enabled":"default","ast-page-background-meta":{"desktop":{"background-color":"var(--ast-global-color-4)","background-image":"","background-repeat":"repeat","background-position":"center center","background-size":"auto","background-attachment":"scroll","background-type":"","background-media":"","overlay-type":"","overlay-color":"","overlay-opacity":"","overlay-gradient":""},"tablet":{"background-color":"","background-image":"","background-repeat":"repeat","background-position":"center center","background-size":"auto","background-attachment":"scroll","background-type":"","background-media":"","overlay-type":"","overlay-color":"","overlay-opacity":"","overlay-gradient":""},"mobile":{"background-color":"","background-image":"","background-repeat":"repeat","background-position":"center center","background-size":"auto","background-attachment":"scroll","background-type":"","background-media":"","overlay-type":"","overlay-color":"","overlay-opacity":"","overlay-gradient":""}},"ast-content-background-meta":{"desktop":{"background-color":"var(--ast-global-color-5)","background-image":"","background-repeat":"repeat","background-position":"center center","background-size":"auto","background-attachment":"scroll","background-type":"","background-media":"","overlay-type":"","overlay-color":"","overlay-opacity":"","overlay-gradient":""},"tablet":{"background-color":"var(--ast-global-color-5)","background-image":"","background-repeat":"repeat","background-position":"center center","background-size":"auto","background-attachment":"scroll","background-type":"","background-media":"","overlay-type":"","overlay-color":"","overlay-opacity":"","overlay-gradient":""},"mobile":{"background-color":"var(--ast-global-color-5)","background-image":"","background-repeat":"repeat","background-position":"center center","background-size":"auto","background-attachment":"scroll","background-type":"","background-media":"","overlay-type":"","overlay-color":"","overlay-opacity":"","overlay-gradient":""}},"footnotes":""},"categories":[3],"tags":[],"class_list":["post-103","post","type-post","status-publish","format-standard","hentry","category-maf"],"aioseo_notices":[],"uagb_featured_image_src":{"full":false,"thumbnail":false,"medium":false,"medium_large":false,"large":false,"1536x1536":false,"2048x2048":false,"woocommerce_thumbnail":false,"woocommerce_single":false,"woocommerce_gallery_thumbnail":false},"uagb_author_info":{"display_name":"admin","author_link":"https:\/\/maf.invictus-asso.fr\/index.php\/author\/alladin\/"},"uagb_comment_info":1,"uagb_excerpt":"&nbsp; Qu\u2019est ce qu\u2019une MAF ? C\u2019est un regroupement d\u2019accueillants familiaux agr\u00e9\u00e9s par le D\u00e9partement, et salari\u00e9s par une personne morale priv\u00e9e ou publique. Dans un local d\u00e9di\u00e9, 2 \u00e0 4 accueillants familiaux assureront l\u2019accueil de 3 \u00e0 16 personnes \u00e2g\u00e9es (PA) ou en situation de handicap (PH), soit 3 PA\/PH par accueillant, voire 4\u2026","_links":{"self":[{"href":"https:\/\/maf.invictus-asso.fr\/index.php\/wp-json\/wp\/v2\/posts\/103","targetHints":{"allow":["GET"]}}],"collection":[{"href":"https:\/\/maf.invictus-asso.fr\/index.php\/wp-json\/wp\/v2\/posts"}],"about":[{"href":"https:\/\/maf.invictus-asso.fr\/index.php\/wp-json\/wp\/v2\/types\/post"}],"author":[{"embeddable":true,"href":"https:\/\/maf.invictus-asso.fr\/index.php\/wp-json\/wp\/v2\/users\/1"}],"replies":[{"embeddable":true,"href":"https:\/\/maf.invictus-asso.fr\/index.php\/wp-json\/wp\/v2\/comments?post=103"}],"version-history":[{"count":1,"href":"https:\/\/maf.invictus-asso.fr\/index.php\/wp-json\/wp\/v2\/posts\/103\/revisions"}],"predecessor-version":[{"id":105,"href":"https:\/\/maf.invictus-asso.fr\/index.php\/wp-json\/wp\/v2\/posts\/103\/revisions\/105"}],"wp:attachment":[{"href":"https:\/\/maf.invictus-asso.fr\/index.php\/wp-json\/wp\/v2\/media?parent=103"}],"wp:term":[{"taxonomy":"category","embeddable":true,"href":"https:\/\/maf.invictus-asso.fr\/index.php\/wp-json\/wp\/v2\/categories?post=103"},{"taxonomy":"post_tag","embeddable":true,"href":"https:\/\/maf.invictus-asso.fr\/index.php\/wp-json\/wp\/v2\/tags?post=103"}],"curies":[{"name":"wp","href":"https:\/\/api.w.org\/{rel}","templated":true}]}}